{"data":"<article class=\"post-box\">\n    <figure class=\"post-box-figure\">\n        <a href=\"https:\/\/andride.eu\/hu\/blog\/utazasra-nem-javasolt-tersegek\"><img src=\"https:\/\/andride.eu\/storage\/images\/\/s\/i\/g\/crop\/sign_1732791_1280_1566495734.jpg\" alt=\"\" \/><\/a>\n    <\/figure>\n\n    <div class=\"post-box-content\">\n        <div class=\"post-box-header\">\n            <div class=\"post-box-type\">\n                <i class=\"fa fa-pencil-square\"><\/i>\n            <\/div>\n\n            <h3 class=\"post-box-title\" style=\"font-weight: bold;\"><a href=\"https:\/\/andride.eu\/hu\/blog\/utazasra-nem-javasolt-tersegek\">Utaz\u00e1sra nem javasolt t\u00e9rs\u00e9gek<\/a><\/h3>\n\n            <ul class=\"post-box-meta\">\n                <li><i class=\"material-icons\">today<\/i> 2019-08-22 19:42:14<\/li>\n                <li><\/li>\n            <\/ul>\n        <\/div>\n\n        A Konzuli Szolg\u00e1lat honlapj\u00e1n tal\u00e1ljuk meg azoknak az orsz\u00e1goknak \u00e9s t\u00e9rs\u00e9geknek a list\u00e1j\u00e1t, amit beutaz\u00e1sra vesz\u00e9lyesnek \u00edt\u00e9lnek. Az oldal mindig nap\n    <\/div>\n<\/article>\n","page":1}