{"data":"<article class=\"post-box\">\n    <figure class=\"post-box-figure\">\n        <a href=\"https:\/\/andride.eu\/hu\/blog\/bukosisakkal-a-repulon\"><img src=\"https:\/\/andride.eu\/storage\/images\/\/r\/e\/p\/crop\/repulo_1579602562.jpg\" alt=\"\" \/><\/a>\n    <\/figure>\n\n    <div class=\"post-box-content\">\n        <div class=\"post-box-header\">\n            <div class=\"post-box-type\">\n                <i class=\"fa fa-pencil-square\"><\/i>\n            <\/div>\n\n            <h3 class=\"post-box-title\" style=\"font-weight: bold;\"><a href=\"https:\/\/andride.eu\/hu\/blog\/bukosisakkal-a-repulon\">Buk\u00f3sisakkal a rep\u00fcl\u0151n<\/a><\/h3>\n\n            <ul class=\"post-box-meta\">\n                <li><i class=\"material-icons\">today<\/i> 2020-01-21 11:29:22<\/li>\n                <li><\/li>\n            <\/ul>\n        <\/div>\n\n        Term\u00e9szetesen nem arra gondolok, hogy buk\u00f3sisakban fogunk felsz\u00e1llni egy utassz\u00e1ll\u00edt\u00f3ra, de a t\u00e9li id\u0151szakban sokan kedvet kapnak ahhoz, hogy elutazza\n    <\/div>\n<\/article>\n","page":1}