{"data":"<article class=\"post-box\">\n    <figure class=\"post-box-figure\">\n        <a href=\"https:\/\/andride.eu\/hu\/blog\/motoros-tura-montenegroba\"><img src=\"https:\/\/andride.eu\/storage\/images\/\/m\/o\/t\/crop\/motoros_tura_montenegroba_1753347183.jpg\" alt=\"\" \/><\/a>\n    <\/figure>\n\n    <div class=\"post-box-content\">\n        <div class=\"post-box-header\">\n            <div class=\"post-box-type\">\n                <i class=\"fa fa-pencil-square\"><\/i>\n            <\/div>\n\n            <h3 class=\"post-box-title\" style=\"font-weight: bold;\"><a href=\"https:\/\/andride.eu\/hu\/blog\/motoros-tura-montenegroba\">Motoros t\u00fara Montenegr\u00f3ban<\/a><\/h3>\n\n            <ul class=\"post-box-meta\">\n                <li><i class=\"material-icons\">today<\/i> 2025-07-24 10:53:03<\/li>\n                <li><\/li>\n            <\/ul>\n        <\/div>\n\n        Montenegr\u00f3 nagyon n\u00e9pszer\u0171 motoros t\u00fara c\u00e9lpontt\u00e1 v\u00e1lt az elm\u00falt \u00e9vekben. Az Adria parti orsz\u00e1g\u00a0gy\u00f6ny\u00f6r\u0171 utakkal, megfizethet\u0151 sz\u00e1ll\u00e1sokkal\u00a0\u00e9s bar\u00e1ts\u00e1\n    <\/div>\n<\/article>\n<article class=\"post-box\">\n    <figure class=\"post-box-figure\">\n        <a href=\"https:\/\/andride.eu\/hu\/blog\/kompra-fel\"><img src=\"https:\/\/andride.eu\/storage\/images\/\/k\/o\/m\/crop\/kompra_fel_1752931048.jpg\" alt=\"\" \/><\/a>\n    <\/figure>\n\n    <div class=\"post-box-content\">\n        <div class=\"post-box-header\">\n            <div class=\"post-box-type\">\n                <i class=\"fa fa-pencil-square\"><\/i>\n            <\/div>\n\n            <h3 class=\"post-box-title\" style=\"font-weight: bold;\"><a href=\"https:\/\/andride.eu\/hu\/blog\/kompra-fel\">Kompra fel!<\/a><\/h3>\n\n            <ul class=\"post-box-meta\">\n                <li><i class=\"material-icons\">today<\/i> 2025-07-19 15:17:28<\/li>\n                <li><\/li>\n            <\/ul>\n        <\/div>\n\n        Kompra fel! Kompr\u00f3l le! Ismer\u0151s?\u00a0\r\n\r\nNorv\u00e9gi\u00e1ban rengeteg alkalommal szak\u00edtja meg a t\u00far\u00e1t egy-egy komp \u00fat. A jegyv\u00e1s\u00e1rl\u00e1st megpr\u00f3b\u00e1lt\u00e1k a legegyszer\u0171b\n    <\/div>\n<\/article>\n<article class=\"post-box\">\n    <figure class=\"post-box-figure\">\n        <a href=\"https:\/\/andride.eu\/hu\/blog\/az-atlanti-ut\"><img src=\"https:\/\/andride.eu\/storage\/images\/\/a\/t\/l\/crop\/atlanti_ut_1752854608.jpg\" alt=\"\" \/><\/a>\n    <\/figure>\n\n    <div class=\"post-box-content\">\n        <div class=\"post-box-header\">\n            <div class=\"post-box-type\">\n                <i class=\"fa fa-pencil-square\"><\/i>\n            <\/div>\n\n            <h3 class=\"post-box-title\" style=\"font-weight: bold;\"><a href=\"https:\/\/andride.eu\/hu\/blog\/az-atlanti-ut\">Az Atlanti \u00dat<\/a><\/h3>\n\n            <ul class=\"post-box-meta\">\n                <li><i class=\"material-icons\">today<\/i> 2025-07-18 18:03:28<\/li>\n                <li><\/li>\n            <\/ul>\n        <\/div>\n\n        Az Atlanti \u00dat. Na de melyik? Az Atlantic Way vagy az Atlantic Road? Pontosan err\u0151l a k\u00e9t \u00fatvonalr\u00f3l gy\u0171jt\u00f6tt\u00fcnk \u00f6ssze inform\u00e1ci\u00f3kat, mert motorosok\u00a0sz\n    <\/div>\n<\/article>\n<article class=\"post-box\">\n    <figure class=\"post-box-figure\">\n        <a href=\"https:\/\/andride.eu\/hu\/blog\/3-filmhelyszin-svajci-motoros-turahoz\"><img src=\"https:\/\/andride.eu\/storage\/images\/\/s\/v\/a\/crop\/svajci_hagok_filmeken_1741520587.jpg\" alt=\"\" \/><\/a>\n    <\/figure>\n\n    <div class=\"post-box-content\">\n        <div class=\"post-box-header\">\n            <div class=\"post-box-type\">\n                <i class=\"fa fa-pencil-square\"><\/i>\n            <\/div>\n\n            <h3 class=\"post-box-title\" style=\"font-weight: bold;\"><a href=\"https:\/\/andride.eu\/hu\/blog\/3-filmhelyszin-svajci-motoros-turahoz\">Legy\u00e9l te is James Bond! 3 filmhelysz\u00edn sv\u00e1jci motoros t\u00far\u00e1hoz<\/a><\/h3>\n\n            <ul class=\"post-box-meta\">\n                <li><i class=\"material-icons\">today<\/i> 2025-03-09 12:43:07<\/li>\n                <li><\/li>\n            <\/ul>\n        <\/div>\n\n        Volt m\u00e1r olyan \u00e9rz\u00e9sed\u00a0sv\u00e1jci h\u00e1g\u00f3kon motorozva, mintha filmd\u00edszletben lenn\u00e9l? Megnyugtatlak, nem csak te gondolod, hogy ezek a hegyek filmv\u00e1szonra va\n    <\/div>\n<\/article>\n","page":1}