{"data":"<article class=\"post-box\">\n    <figure class=\"post-box-figure\">\n        <a href=\"https:\/\/andride.eu\/hu\/blog\/motoros-tura-montenegroba\"><img src=\"https:\/\/andride.eu\/storage\/images\/\/m\/o\/t\/crop\/motoros_tura_montenegroba_1753347183.jpg\" alt=\"\" \/><\/a>\n    <\/figure>\n\n    <div class=\"post-box-content\">\n        <div class=\"post-box-header\">\n            <div class=\"post-box-type\">\n                <i class=\"fa fa-pencil-square\"><\/i>\n            <\/div>\n\n            <h3 class=\"post-box-title\" style=\"font-weight: bold;\"><a href=\"https:\/\/andride.eu\/hu\/blog\/motoros-tura-montenegroba\">Motoros t\u00fara Montenegr\u00f3ban<\/a><\/h3>\n\n            <ul class=\"post-box-meta\">\n                <li><i class=\"material-icons\">today<\/i> 2025-07-24 10:53:03<\/li>\n                <li><\/li>\n            <\/ul>\n        <\/div>\n\n        Montenegr\u00f3 nagyon n\u00e9pszer\u0171 motoros t\u00fara c\u00e9lpontt\u00e1 v\u00e1lt az elm\u00falt \u00e9vekben. Az Adria parti orsz\u00e1g\u00a0gy\u00f6ny\u00f6r\u0171 utakkal, megfizethet\u0151 sz\u00e1ll\u00e1sokkal\u00a0\u00e9s bar\u00e1ts\u00e1\n    <\/div>\n<\/article>\n","page":1}