{"data":"<article class=\"post-box\">\n    <figure class=\"post-box-figure\">\n        <a href=\"https:\/\/andride.eu\/hu\/blog\/gyorshajtas-franciaorszagban\"><img src=\"https:\/\/andride.eu\/storage\/images\/\/g\/y\/o\/crop\/gyorshajtas_franciaorszagban_1767812296.jpg\" alt=\"\" \/><\/a>\n    <\/figure>\n\n    <div class=\"post-box-content\">\n        <div class=\"post-box-header\">\n            <div class=\"post-box-type\">\n                <i class=\"fa fa-pencil-square\"><\/i>\n            <\/div>\n\n            <h3 class=\"post-box-title\" style=\"font-weight: bold;\"><a href=\"https:\/\/andride.eu\/hu\/blog\/gyorshajtas-franciaorszagban\">Gyorshajt\u00e1s Franciaorsz\u00e1gban<\/a><\/h3>\n\n            <ul class=\"post-box-meta\">\n                <li><i class=\"material-icons\">today<\/i> 2026-01-07 19:58:16<\/li>\n                <li><\/li>\n            <\/ul>\n        <\/div>\n\n        \u00daj szab\u00e1lyoz\u00e1s l\u00e9pett \u00e9letbe Franciaorsz\u00e1gban a sebess\u00e9gt\u00fall\u00e9p\u0151kkel szemben. 2025. december 29. \u00f3ta\u00a0s\u00falyosabb\u00a0b\u00fcntet\u00e9st szabnak ki a gyorshajt\u00f3kra.\r\n\r\n    <\/div>\n<\/article>\n<article class=\"post-box\">\n    <figure class=\"post-box-figure\">\n        <a href=\"https:\/\/andride.eu\/hu\/blog\/uj-kresz-tabla-a-francia-utakon\"><img src=\"https:\/\/andride.eu\/storage\/images\/\/f\/r\/a\/crop\/francia_tabla_1692280579.jpg\" alt=\"\" \/><\/a>\n    <\/figure>\n\n    <div class=\"post-box-content\">\n        <div class=\"post-box-header\">\n            <div class=\"post-box-type\">\n                <i class=\"fa fa-pencil-square\"><\/i>\n            <\/div>\n\n            <h3 class=\"post-box-title\" style=\"font-weight: bold;\"><a href=\"https:\/\/andride.eu\/hu\/blog\/uj-kresz-tabla-a-francia-utakon\">\u00daj KRESZ t\u00e1bla a francia utakon<\/a><\/h3>\n\n            <ul class=\"post-box-meta\">\n                <li><i class=\"material-icons\">today<\/i> 2023-08-17 15:56:19<\/li>\n                <li><\/li>\n            <\/ul>\n        <\/div>\n\n        Franciaorsz\u00e1gban \u00faj k\u00f6zleked\u00e9si t\u00e1bl\u00e1t vezettek be, ez a k\u00e9k alapon feh\u00e9r cs\u00facs\u00e1ra \u00e1ll\u00edtott rombusz. A KRESZ\u00a0\u00faj\u00edt\u00e1s c\u00e9lja, hogy a megn\u00f6vekedett g\u00e9pj\u00e1r\n    <\/div>\n<\/article>\n<article class=\"post-box\">\n    <figure class=\"post-box-figure\">\n        <a href=\"https:\/\/andride.eu\/hu\/blog\/sebesseghatarok-motoron-2021\"><img src=\"https:\/\/andride.eu\/storage\/images\/\/s\/e\/b\/crop\/sebesseg_1610011021.jpg\" alt=\"\" \/><\/a>\n    <\/figure>\n\n    <div class=\"post-box-content\">\n        <div class=\"post-box-header\">\n            <div class=\"post-box-type\">\n                <i class=\"fa fa-pencil-square\"><\/i>\n            <\/div>\n\n            <h3 class=\"post-box-title\" style=\"font-weight: bold;\"><a href=\"https:\/\/andride.eu\/hu\/blog\/sebesseghatarok-motoron-2021\">Sebess\u00e9ghat\u00e1rok motoron 2021<\/a><\/h3>\n\n            <ul class=\"post-box-meta\">\n                <li><i class=\"material-icons\">today<\/i> 2021-01-07 10:17:01<\/li>\n                <li><\/li>\n            <\/ul>\n        <\/div>\n\n        B\u00e1r a sebess\u00e9ghat\u00e1rok alapvet\u0151en nem m\u00f3dosultak a tavalyi \u00e9vhez k\u00e9pest, de p\u00e9ld\u00e1ul\u00a0Ausztria jelent\u0151sen megemelte a gyorshajt\u00f3kkal szembeni b\u00fcntet\u00e9si t\n    <\/div>\n<\/article>\n<article class=\"post-box\">\n    <figure class=\"post-box-figure\">\n        <a href=\"https:\/\/andride.eu\/hu\/blog\/hogyan-motorozzunk-svajci-hagokon\"><img src=\"https:\/\/andride.eu\/storage\/images\/\/s\/v\/a\/crop\/svajc_hegy_1602591260.jpg\" alt=\"\" \/><\/a>\n    <\/figure>\n\n    <div class=\"post-box-content\">\n        <div class=\"post-box-header\">\n            <div class=\"post-box-type\">\n                <i class=\"fa fa-pencil-square\"><\/i>\n            <\/div>\n\n            <h3 class=\"post-box-title\" style=\"font-weight: bold;\"><a href=\"https:\/\/andride.eu\/hu\/blog\/hogyan-motorozzunk-svajci-hagokon\">Hogyan motorozzunk sv\u00e1jci h\u00e1g\u00f3kon?<\/a><\/h3>\n\n            <ul class=\"post-box-meta\">\n                <li><i class=\"material-icons\">today<\/i> 2020-10-13 14:14:20<\/li>\n                <li><\/li>\n            <\/ul>\n        <\/div>\n\n        Magashegyi \u00fatvonalakat olyan orsz\u00e1gok szab\u00e1lyoznak kiemelten, ahol vannak magas hegyek \u00e9s h\u00e1g\u00f3k,\u00a0pl. Sv\u00e1jcban. Magyarorsz\u00e1gon ennek hi\u00e1ny\u00e1ban a KRESZ \n    <\/div>\n<\/article>\n","page":1}