{"data":"<article class=\"post-box\">\n    <figure class=\"post-box-figure\">\n        <a href=\"https:\/\/andride.eu\/hu\/blog\/utlezarasok-2026-ban\"><img src=\"https:\/\/andride.eu\/storage\/images\/\/u\/t\/l\/crop\/utlezaras_a_hagokon_1768649252.jpg\" alt=\"\" \/><\/a>\n    <\/figure>\n\n    <div class=\"post-box-content\">\n        <div class=\"post-box-header\">\n            <div class=\"post-box-type\">\n                <i class=\"fa fa-pencil-square\"><\/i>\n            <\/div>\n\n            <h3 class=\"post-box-title\" style=\"font-weight: bold;\"><a href=\"https:\/\/andride.eu\/hu\/blog\/utlezarasok-2026-ban\">\u00datlez\u00e1r\u00e1sok 2026-ban<\/a><\/h3>\n\n            <ul class=\"post-box-meta\">\n                <li><i class=\"material-icons\">today<\/i> 2026-01-06 15:54:24<\/li>\n                <li><\/li>\n            <\/ul>\n        <\/div>\n\n        A lez\u00e1r\u00e1sokat 2026-ban sem \u00fasszuk meg a h\u00e1g\u00f3kon. Biciklisek, bi- \u00e9s triatlonist\u00e1k, veter\u00e1n traktorosok \u00e9s m\u00e9g sorolhatn\u00e1nk, hogy kik\u00a0milyen rendezv\u00e9ny\n    <\/div>\n<\/article>\n<article class=\"post-box\">\n    <figure class=\"post-box-figure\">\n        <a href=\"https:\/\/andride.eu\/hu\/blog\/utlezaras-a-hagokon\"><img src=\"https:\/\/andride.eu\/storage\/images\/\/u\/t\/l\/crop\/utlezaras_hagokon_1732007098.jpg\" alt=\"\" \/><\/a>\n    <\/figure>\n\n    <div class=\"post-box-content\">\n        <div class=\"post-box-header\">\n            <div class=\"post-box-type\">\n                <i class=\"fa fa-pencil-square\"><\/i>\n            <\/div>\n\n            <h3 class=\"post-box-title\" style=\"font-weight: bold;\"><a href=\"https:\/\/andride.eu\/hu\/blog\/utlezaras-a-hagokon\">\u00datlez\u00e1r\u00e1s a h\u00e1g\u00f3kon 2025-ben<\/a><\/h3>\n\n            <ul class=\"post-box-meta\">\n                <li><i class=\"material-icons\">today<\/i> 2024-11-19 10:04:58<\/li>\n                <li><\/li>\n            <\/ul>\n        <\/div>\n\n        A motoros t\u00fara tervez\u00e9sn\u00e9l jobb\u00a0ha el\u0151re t\u00e1j\u00e9koz\u00f3dsz, mert 2025-ben is v\u00e1rhat\u00f3 \u00fatlez\u00e1r\u00e1s a kedvenc h\u00e1g\u00f3kon. Ne tedd ki magad annak a kellemetlens\u00e9gnek\n    <\/div>\n<\/article>\n<article class=\"post-box\">\n    <figure class=\"post-box-figure\">\n        <a href=\"https:\/\/andride.eu\/hu\/blog\/utlezarasok-2024-ben\"><img src=\"https:\/\/andride.eu\/storage\/images\/\/u\/t\/l\/crop\/utlezaras_2024_1704454729.jpg\" alt=\"\" \/><\/a>\n    <\/figure>\n\n    <div class=\"post-box-content\">\n        <div class=\"post-box-header\">\n            <div class=\"post-box-type\">\n                <i class=\"fa fa-pencil-square\"><\/i>\n            <\/div>\n\n            <h3 class=\"post-box-title\" style=\"font-weight: bold;\"><a href=\"https:\/\/andride.eu\/hu\/blog\/utlezarasok-2024-ben\">\u00datlez\u00e1r\u00e1sok 2024-ben<\/a><\/h3>\n\n            <ul class=\"post-box-meta\">\n                <li><i class=\"material-icons\">today<\/i> 2024-01-05 12:38:49<\/li>\n                <li><\/li>\n            <\/ul>\n        <\/div>\n\n        2024-ben sem \u00fasszuk meg az \u00fatlez\u00e1r\u00e1sokat a kedvenc motoros \u00fatvonalainkon. \u00c1ltal\u00e1ban bicikliversenyek miatt vannak korl\u00e1toz\u00e1sok, de az is egyre t\u00f6bbsz\u00f6\n    <\/div>\n<\/article>\n<article class=\"post-box\">\n    <figure class=\"post-box-figure\">\n        <a href=\"https:\/\/andride.eu\/hu\/blog\/forgalomkorlatozas-2023\"><img src=\"https:\/\/andride.eu\/storage\/images\/\/f\/o\/r\/crop\/forgalomkorlatozas_2023_1666948693.jpg\" alt=\"\" \/><\/a>\n    <\/figure>\n\n    <div class=\"post-box-content\">\n        <div class=\"post-box-header\">\n            <div class=\"post-box-type\">\n                <i class=\"fa fa-pencil-square\"><\/i>\n            <\/div>\n\n            <h3 class=\"post-box-title\" style=\"font-weight: bold;\"><a href=\"https:\/\/andride.eu\/hu\/blog\/forgalomkorlatozas-2023\">Forgalomkorl\u00e1toz\u00e1s 2023<\/a><\/h3>\n\n            <ul class=\"post-box-meta\">\n                <li><i class=\"material-icons\">today<\/i> 2022-10-28 11:18:13<\/li>\n                <li><\/li>\n            <\/ul>\n        <\/div>\n\n        El\u0151fordult m\u00e1r, hogy bicikliverseny miatt nem tudt\u00e1l tov\u00e1bbhaladni a motoros t\u00far\u00e1n? T\u00f6bb \u00f3r\u00e1s forgalomkorl\u00e1toz\u00e1s miatt ker\u00fcln\u00f6d kellett? Van egy rossz\n    <\/div>\n<\/article>\n","page":1}