{"data":"<article class=\"post-box\">\n    <figure class=\"post-box-figure\">\n        <a href=\"https:\/\/andride.eu\/hu\/blog\/crac-cafe-telen-is-szerezz-motoros-elmenyeket\"><img src=\"https:\/\/andride.eu\/storage\/images\/\/c\/r\/a\/crop\/cracjo_1603203767.jpg\" alt=\"\" \/><\/a>\n    <\/figure>\n\n    <div class=\"post-box-content\">\n        <div class=\"post-box-header\">\n            <div class=\"post-box-type\">\n                <i class=\"fa fa-pencil-square\"><\/i>\n            <\/div>\n\n            <h3 class=\"post-box-title\" style=\"font-weight: bold;\"><a href=\"https:\/\/andride.eu\/hu\/blog\/crac-cafe-telen-is-szerezz-motoros-elmenyeket\">Motoros \u00e9lm\u00e9nyek t\u00e9len is: v\u00e1r a CRAC Cafe!<\/a><\/h3>\n\n            <ul class=\"post-box-meta\">\n                <li><i class=\"material-icons\">today<\/i> 2020-10-20 16:22:47<\/li>\n                <li><\/li>\n            <\/ul>\n        <\/div>\n\n        Mit csin\u00e1lnak t\u00e9len a motorosok? Lemoss\u00e1k \u00e9s begar\u00e1zsolj\u00e1k a motorjukat, \u00f6sszerendezik a t\u00faraszezon fot\u00f3- \u00e9s vide\u00f3anyag\u00e1t, megtervezik a j\u00f6v\u0151 \u00e9vi t\u00far\u00e1\n    <\/div>\n<\/article>\n","page":1}