{"data":"<article class=\"post-box\">\n    <figure class=\"post-box-figure\">\n        <a href=\"https:\/\/andride.eu\/hu\/blog\/hatarbiztositas\"><img src=\"https:\/\/andride.eu\/storage\/images\/\/h\/a\/t\/crop\/hatarbiztositas_1721988296.jpg\" alt=\"\" \/><\/a>\n    <\/figure>\n\n    <div class=\"post-box-content\">\n        <div class=\"post-box-header\">\n            <div class=\"post-box-type\">\n                <i class=\"fa fa-pencil-square\"><\/i>\n            <\/div>\n\n            <h3 class=\"post-box-title\" style=\"font-weight: bold;\"><a href=\"https:\/\/andride.eu\/hu\/blog\/hatarbiztositas\">Kinek \u00e9s mikor kell hat\u00e1rbiztos\u00edt\u00e1st k\u00f6tni motorra?<\/a><\/h3>\n\n            <ul class=\"post-box-meta\">\n                <li><i class=\"material-icons\">today<\/i> 2024-07-26 12:04:56<\/li>\n                <li><\/li>\n            <\/ul>\n        <\/div>\n\n        Eur\u00f3p\u00e1ban j\u00f6vet-menet megszoktuk, hogy nem \u00e1ll\u00edtanak meg a hat\u00e1ron \u00e9s pl\u00e1ne nem kell k\u00fcl\u00f6n biztos\u00edt\u00e1st k\u00f6tn\u00fcnk, ha be akarunk hajtani egy-egy orsz\u00e1g k\n    <\/div>\n<\/article>\n","page":1}