{"data":"<article class=\"post-box\">\n    <figure class=\"post-box-figure\">\n        <a href=\"https:\/\/andride.eu\/hu\/blog\/hogyan-motorozzunk-svajci-hagokon\"><img src=\"https:\/\/andride.eu\/storage\/images\/\/s\/v\/a\/crop\/svajc_hegy_1602591260.jpg\" alt=\"\" \/><\/a>\n    <\/figure>\n\n    <div class=\"post-box-content\">\n        <div class=\"post-box-header\">\n            <div class=\"post-box-type\">\n                <i class=\"fa fa-pencil-square\"><\/i>\n            <\/div>\n\n            <h3 class=\"post-box-title\" style=\"font-weight: bold;\"><a href=\"https:\/\/andride.eu\/hu\/blog\/hogyan-motorozzunk-svajci-hagokon\">Hogyan motorozzunk sv\u00e1jci h\u00e1g\u00f3kon?<\/a><\/h3>\n\n            <ul class=\"post-box-meta\">\n                <li><i class=\"material-icons\">today<\/i> 2020-10-13 14:14:20<\/li>\n                <li><\/li>\n            <\/ul>\n        <\/div>\n\n        Magashegyi \u00fatvonalakat olyan orsz\u00e1gok szab\u00e1lyoznak kiemelten, ahol vannak magas hegyek \u00e9s h\u00e1g\u00f3k,\u00a0pl. Sv\u00e1jcban. Magyarorsz\u00e1gon ennek hi\u00e1ny\u00e1ban a KRESZ \n    <\/div>\n<\/article>\n<article class=\"post-box\">\n    <figure class=\"post-box-figure\">\n        <a href=\"https:\/\/andride.eu\/hu\/blog\/hasonlo-nevu-hagok-avagy-hogyan-kerulnek-a-furkak-az-alpokba\"><img src=\"https:\/\/andride.eu\/storage\/images\/\/f\/u\/r\/crop\/furkap_1600777299.jpg\" alt=\"\" \/><\/a>\n    <\/figure>\n\n    <div class=\"post-box-content\">\n        <div class=\"post-box-header\">\n            <div class=\"post-box-type\">\n                <i class=\"fa fa-pencil-square\"><\/i>\n            <\/div>\n\n            <h3 class=\"post-box-title\" style=\"font-weight: bold;\"><a href=\"https:\/\/andride.eu\/hu\/blog\/hasonlo-nevu-hagok-avagy-hogyan-kerulnek-a-furkak-az-alpokba\">Hogy ker\u00fclnek Furk\u00e1k az Alpokba?<\/a><\/h3>\n\n            <ul class=\"post-box-meta\">\n                <li><i class=\"material-icons\">today<\/i> 2020-09-22 14:21:39<\/li>\n                <li><\/li>\n            <\/ul>\n        <\/div>\n\n        Furkapass. Furkajoch. Furkelpass\r\n\r\nMik azok a Furk\u00e1k? 3 leny\u0171g\u00f6z\u0151 h\u00e1g\u00f3 az Alpok k\u00f6z\u00e9ps\u0151 r\u00e9sz\u00e9n, amik hasonl\u00f3 nevet kaptak: Furkapass, Furkajoch \u00e9s Fu\n    <\/div>\n<\/article>\n<article class=\"post-box\">\n    <figure class=\"post-box-figure\">\n        <a href=\"https:\/\/andride.eu\/hu\/blog\/bernatok-az-alpokban\"><img src=\"https:\/\/andride.eu\/storage\/images\/\/d\/o\/g\/crop\/dog_3979913_1280_1557309034.jpg\" alt=\"\" \/><\/a>\n    <\/figure>\n\n    <div class=\"post-box-content\">\n        <div class=\"post-box-header\">\n            <div class=\"post-box-type\">\n                <i class=\"fa fa-pencil-square\"><\/i>\n            <\/div>\n\n            <h3 class=\"post-box-title\" style=\"font-weight: bold;\"><a href=\"https:\/\/andride.eu\/hu\/blog\/bernatok-az-alpokban\">Hogyan ker\u00fclnek Bern\u00e1tok az Alpokba?<\/a><\/h3>\n\n            <ul class=\"post-box-meta\">\n                <li><i class=\"material-icons\">today<\/i> 2019-05-08 11:50:34<\/li>\n                <li><\/li>\n            <\/ul>\n        <\/div>\n\n        Mik azok a Bern\u00e1tok \u00e9s hogy ker\u00fclnek\u00a0a hegyekbe? 3 csod\u00e1latos h\u00e1g\u00f3 viseli a Bern\u00e1t nevet az Alpokban, annak a Szent Bern\u00e1tnak a nev\u00e9t, aki a hegym\u00e1sz\u00f3\n    <\/div>\n<\/article>\n","page":1}